{"id":21959,"date":"2026-04-28T18:35:37","date_gmt":"2026-04-28T18:35:37","guid":{"rendered":"https:\/\/shkurteshqip.online\/?p=21959"},"modified":"2026-04-28T18:35:38","modified_gmt":"2026-04-28T18:35:38","slug":"muriqi-nominohet-per-te-hyre-ne-formacionin-e-sezonit-ne-la-liga","status":"publish","type":"post","link":"https:\/\/shkurteshqip.online\/?p=21959","title":{"rendered":"Muriqi nominohet p\u00ebr t\u00eb hyr\u00eb n\u00eb formacionin e sezonit n\u00eb La Liga"},"content":{"rendered":"\n<p><strong>Sulmuesi i komb\u00ebtares s\u00eb Kosov\u00ebs, Vedat Muriqi po kalon n\u00eb nj\u00eb sezon t\u00eb jasht\u00ebzakonsh\u00ebm n\u00eb La Liga sivjet me Mallorc\u00ebn.<\/strong><\/p>\n\n\n\n<p>Pirati dardan ka sh\u00ebnuar deri m\u00eb tani 21 gola n\u00eb La Liga, derisa kan\u00eb mbetur edhe pes\u00eb ndeshje deri n\u00eb fund t\u00eb kampionatit.<\/p>\n\n\n\n<p>Pas k\u00ebtij suksesi individual, Muriqi tashm\u00eb \u00ebsht\u00eb nominuar p\u00ebr formacionin m\u00eb t\u00eb mir\u00eb t\u00eb sezonit n\u00eb La Liga.<\/p>\n\n\n\n<p>K\u00ebshtu ka njoftuar klubi i tij Mallorca, p\u00ebrmes nj\u00eb postimi n\u00eb platform\u00ebn \u201cX\u201d.<\/p>\n\n\n\n<p>\u201cMuriqi, i nominuar p\u00ebr ekipit m\u00eb t\u00eb mir\u00eb t\u00eb sezonit EA SPORTS\u201d, shkruan Mallorca.<\/p>\n\n\n\n<figure class=\"wp-block-image size-full\"><img loading=\"lazy\" decoding=\"async\" width=\"544\" height=\"680\" src=\"https:\/\/shkurteshqip.online\/wp-content\/uploads\/2026\/04\/HG_xrr2bsAE3SaC.jpg\" alt=\"\" class=\"wp-image-21960\" srcset=\"https:\/\/shkurteshqip.online\/wp-content\/uploads\/2026\/04\/HG_xrr2bsAE3SaC.jpg 544w, https:\/\/shkurteshqip.online\/wp-content\/uploads\/2026\/04\/HG_xrr2bsAE3SaC-240x300.jpg 240w, https:\/\/shkurteshqip.online\/wp-content\/uploads\/2026\/04\/HG_xrr2bsAE3SaC-336x420.jpg 336w\" sizes=\"auto, (max-width: 544px) 100vw, 544px\" \/><\/figure>\n","protected":false},"excerpt":{"rendered":"<p>Sulmuesi i komb\u00ebtares s\u00eb Kosov\u00ebs, Vedat Muriqi po kalon n\u00eb nj\u00eb sezon t\u00eb jasht\u00ebzakonsh\u00ebm n\u00eb La Liga sivjet me Mallorc\u00ebn. Pirati dardan ka sh\u00ebnuar deri m\u00eb tani 21 gola n\u00eb La Liga, derisa kan\u00eb mbetur edhe pes\u00eb ndeshje deri n\u00eb fund t\u00eb kampionatit. Pas k\u00ebtij suksesi individual, Muriqi tashm\u00eb \u00ebsht\u00eb nominuar p\u00ebr formacionin m\u00eb t\u00eb [&hellip;]<\/p>\n","protected":false},"author":2,"featured_media":21961,"comment_status":"open","ping_status":"open","sticky":false,"template":"","format":"standard","meta":{"footnotes":""},"categories":[48],"tags":[],"class_list":{"0":"post-21959","1":"post","2":"type-post","3":"status-publish","4":"format-standard","5":"has-post-thumbnail","7":"category-sport"},"yoast_head":"<!-- This site is optimized with the Yoast SEO plugin v27.5 - https:\/\/yoast.com\/product\/yoast-seo-wordpress\/ -->\n<title>Muriqi nominohet p\u00ebr t\u00eb hyr\u00eb n\u00eb formacionin e sezonit n\u00eb La Liga - shkurteshqip<\/title>\n<meta name=\"robots\" content=\"index, follow, max-snippet:-1, max-image-preview:large, max-video-preview:-1\" \/>\n<link rel=\"canonical\" href=\"https:\/\/shkurteshqip.online\/?p=21959\" \/>\n<meta property=\"og:locale\" content=\"en_US\" \/>\n<meta property=\"og:type\" content=\"article\" \/>\n<meta property=\"og:title\" content=\"Muriqi nominohet p\u00ebr t\u00eb hyr\u00eb n\u00eb formacionin e sezonit n\u00eb La Liga - shkurteshqip\" \/>\n<meta property=\"og:description\" content=\"Sulmuesi i komb\u00ebtares s\u00eb Kosov\u00ebs, Vedat Muriqi po kalon n\u00eb nj\u00eb sezon t\u00eb jasht\u00ebzakonsh\u00ebm n\u00eb La Liga sivjet me Mallorc\u00ebn. Pirati dardan ka sh\u00ebnuar deri m\u00eb tani 21 gola n\u00eb La Liga, derisa kan\u00eb mbetur edhe pes\u00eb ndeshje deri n\u00eb fund t\u00eb kampionatit. Pas k\u00ebtij suksesi individual, Muriqi tashm\u00eb \u00ebsht\u00eb nominuar p\u00ebr formacionin m\u00eb t\u00eb [&hellip;]\" \/>\n<meta property=\"og:url\" content=\"https:\/\/shkurteshqip.online\/?p=21959\" \/>\n<meta property=\"og:site_name\" content=\"shkurteshqip\" \/>\n<meta property=\"article:published_time\" content=\"2026-04-28T18:35:37+00:00\" \/>\n<meta property=\"article:modified_time\" content=\"2026-04-28T18:35:38+00:00\" \/>\n<meta property=\"og:image\" content=\"http:\/\/shkurteshqip.online\/wp-content\/uploads\/2026\/04\/684938220_1655045956009637_8598212836884474911_n.jpg\" \/>\n\t<meta property=\"og:image:width\" content=\"704\" \/>\n\t<meta property=\"og:image:height\" content=\"466\" \/>\n\t<meta property=\"og:image:type\" content=\"image\/jpeg\" \/>\n<meta name=\"author\" content=\"Shkurt Shqip\" \/>\n<meta name=\"twitter:card\" content=\"summary_large_image\" \/>\n<meta name=\"twitter:label1\" content=\"Written by\" \/>\n\t<meta name=\"twitter:data1\" content=\"Shkurt Shqip\" \/>\n\t<meta name=\"twitter:label2\" content=\"Est. reading time\" \/>\n\t<meta name=\"twitter:data2\" content=\"1 minute\" \/>\n<script type=\"application\/ld+json\" class=\"yoast-schema-graph\">{\"@context\":\"https:\\\/\\\/schema.org\",\"@graph\":[{\"@type\":\"Article\",\"@id\":\"https:\\\/\\\/shkurteshqip.online\\\/?p=21959#article\",\"isPartOf\":{\"@id\":\"https:\\\/\\\/shkurteshqip.online\\\/?p=21959\"},\"author\":{\"name\":\"Shkurt Shqip\",\"@id\":\"https:\\\/\\\/shkurteshqip.online\\\/#\\\/schema\\\/person\\\/5650ace9c4df761243f9c165b46ee82f\"},\"headline\":\"Muriqi nominohet p\u00ebr t\u00eb hyr\u00eb n\u00eb formacionin e sezonit n\u00eb La Liga\",\"datePublished\":\"2026-04-28T18:35:37+00:00\",\"dateModified\":\"2026-04-28T18:35:38+00:00\",\"mainEntityOfPage\":{\"@id\":\"https:\\\/\\\/shkurteshqip.online\\\/?p=21959\"},\"wordCount\":112,\"commentCount\":0,\"publisher\":{\"@id\":\"https:\\\/\\\/shkurteshqip.online\\\/#organization\"},\"image\":{\"@id\":\"https:\\\/\\\/shkurteshqip.online\\\/?p=21959#primaryimage\"},\"thumbnailUrl\":\"https:\\\/\\\/shkurteshqip.online\\\/wp-content\\\/uploads\\\/2026\\\/04\\\/684938220_1655045956009637_8598212836884474911_n.jpg\",\"articleSection\":[\"Sport\"],\"inLanguage\":\"en-US\",\"potentialAction\":[{\"@type\":\"CommentAction\",\"name\":\"Comment\",\"target\":[\"https:\\\/\\\/shkurteshqip.online\\\/?p=21959#respond\"]}]},{\"@type\":\"WebPage\",\"@id\":\"https:\\\/\\\/shkurteshqip.online\\\/?p=21959\",\"url\":\"https:\\\/\\\/shkurteshqip.online\\\/?p=21959\",\"name\":\"Muriqi nominohet p\u00ebr t\u00eb hyr\u00eb n\u00eb formacionin e sezonit n\u00eb La Liga - shkurteshqip\",\"isPartOf\":{\"@id\":\"https:\\\/\\\/shkurteshqip.online\\\/#website\"},\"primaryImageOfPage\":{\"@id\":\"https:\\\/\\\/shkurteshqip.online\\\/?p=21959#primaryimage\"},\"image\":{\"@id\":\"https:\\\/\\\/shkurteshqip.online\\\/?p=21959#primaryimage\"},\"thumbnailUrl\":\"https:\\\/\\\/shkurteshqip.online\\\/wp-content\\\/uploads\\\/2026\\\/04\\\/684938220_1655045956009637_8598212836884474911_n.jpg\",\"datePublished\":\"2026-04-28T18:35:37+00:00\",\"dateModified\":\"2026-04-28T18:35:38+00:00\",\"breadcrumb\":{\"@id\":\"https:\\\/\\\/shkurteshqip.online\\\/?p=21959#breadcrumb\"},\"inLanguage\":\"en-US\",\"potentialAction\":[{\"@type\":\"ReadAction\",\"target\":[\"https:\\\/\\\/shkurteshqip.online\\\/?p=21959\"]}]},{\"@type\":\"ImageObject\",\"inLanguage\":\"en-US\",\"@id\":\"https:\\\/\\\/shkurteshqip.online\\\/?p=21959#primaryimage\",\"url\":\"https:\\\/\\\/shkurteshqip.online\\\/wp-content\\\/uploads\\\/2026\\\/04\\\/684938220_1655045956009637_8598212836884474911_n.jpg\",\"contentUrl\":\"https:\\\/\\\/shkurteshqip.online\\\/wp-content\\\/uploads\\\/2026\\\/04\\\/684938220_1655045956009637_8598212836884474911_n.jpg\",\"width\":704,\"height\":466},{\"@type\":\"BreadcrumbList\",\"@id\":\"https:\\\/\\\/shkurteshqip.online\\\/?p=21959#breadcrumb\",\"itemListElement\":[{\"@type\":\"ListItem\",\"position\":1,\"name\":\"Home\",\"item\":\"https:\\\/\\\/shkurteshqip.online\\\/\"},{\"@type\":\"ListItem\",\"position\":2,\"name\":\"Muriqi nominohet p\u00ebr t\u00eb hyr\u00eb n\u00eb formacionin e sezonit n\u00eb La Liga\"}]},{\"@type\":\"WebSite\",\"@id\":\"https:\\\/\\\/shkurteshqip.online\\\/#website\",\"url\":\"https:\\\/\\\/shkurteshqip.online\\\/\",\"name\":\"shkurteshqip\",\"description\":\"\",\"publisher\":{\"@id\":\"https:\\\/\\\/shkurteshqip.online\\\/#organization\"},\"potentialAction\":[{\"@type\":\"SearchAction\",\"target\":{\"@type\":\"EntryPoint\",\"urlTemplate\":\"https:\\\/\\\/shkurteshqip.online\\\/?s={search_term_string}\"},\"query-input\":{\"@type\":\"PropertyValueSpecification\",\"valueRequired\":true,\"valueName\":\"search_term_string\"}}],\"inLanguage\":\"en-US\"},{\"@type\":\"Organization\",\"@id\":\"https:\\\/\\\/shkurteshqip.online\\\/#organization\",\"name\":\"shkurteshqip\",\"url\":\"https:\\\/\\\/shkurteshqip.online\\\/\",\"logo\":{\"@type\":\"ImageObject\",\"inLanguage\":\"en-US\",\"@id\":\"https:\\\/\\\/shkurteshqip.online\\\/#\\\/schema\\\/logo\\\/image\\\/\",\"url\":\"https:\\\/\\\/shkurteshqip.online\\\/wp-content\\\/uploads\\\/2023\\\/12\\\/LOGO1.png\",\"contentUrl\":\"https:\\\/\\\/shkurteshqip.online\\\/wp-content\\\/uploads\\\/2023\\\/12\\\/LOGO1.png\",\"width\":463,\"height\":116,\"caption\":\"shkurteshqip\"},\"image\":{\"@id\":\"https:\\\/\\\/shkurteshqip.online\\\/#\\\/schema\\\/logo\\\/image\\\/\"}},{\"@type\":\"Person\",\"@id\":\"https:\\\/\\\/shkurteshqip.online\\\/#\\\/schema\\\/person\\\/5650ace9c4df761243f9c165b46ee82f\",\"name\":\"Shkurt Shqip\",\"image\":{\"@type\":\"ImageObject\",\"inLanguage\":\"en-US\",\"@id\":\"https:\\\/\\\/secure.gravatar.com\\\/avatar\\\/7ae142e6189ef43ea78210d632234a50148de0f1831c0ba314c8ba1ac653e708?s=96&d=mm&r=g\",\"url\":\"https:\\\/\\\/secure.gravatar.com\\\/avatar\\\/7ae142e6189ef43ea78210d632234a50148de0f1831c0ba314c8ba1ac653e708?s=96&d=mm&r=g\",\"contentUrl\":\"https:\\\/\\\/secure.gravatar.com\\\/avatar\\\/7ae142e6189ef43ea78210d632234a50148de0f1831c0ba314c8ba1ac653e708?s=96&d=mm&r=g\",\"caption\":\"Shkurt Shqip\"},\"url\":\"https:\\\/\\\/shkurteshqip.online\\\/?author=2\"}]}<\/script>\n<!-- \/ Yoast SEO plugin. -->","yoast_head_json":{"title":"Muriqi nominohet p\u00ebr t\u00eb hyr\u00eb n\u00eb formacionin e sezonit n\u00eb La Liga - shkurteshqip","robots":{"index":"index","follow":"follow","max-snippet":"max-snippet:-1","max-image-preview":"max-image-preview:large","max-video-preview":"max-video-preview:-1"},"canonical":"https:\/\/shkurteshqip.online\/?p=21959","og_locale":"en_US","og_type":"article","og_title":"Muriqi nominohet p\u00ebr t\u00eb hyr\u00eb n\u00eb formacionin e sezonit n\u00eb La Liga - shkurteshqip","og_description":"Sulmuesi i komb\u00ebtares s\u00eb Kosov\u00ebs, Vedat Muriqi po kalon n\u00eb nj\u00eb sezon t\u00eb jasht\u00ebzakonsh\u00ebm n\u00eb La Liga sivjet me Mallorc\u00ebn. Pirati dardan ka sh\u00ebnuar deri m\u00eb tani 21 gola n\u00eb La Liga, derisa kan\u00eb mbetur edhe pes\u00eb ndeshje deri n\u00eb fund t\u00eb kampionatit. Pas k\u00ebtij suksesi individual, Muriqi tashm\u00eb \u00ebsht\u00eb nominuar p\u00ebr formacionin m\u00eb t\u00eb [&hellip;]","og_url":"https:\/\/shkurteshqip.online\/?p=21959","og_site_name":"shkurteshqip","article_published_time":"2026-04-28T18:35:37+00:00","article_modified_time":"2026-04-28T18:35:38+00:00","og_image":[{"width":704,"height":466,"url":"http:\/\/shkurteshqip.online\/wp-content\/uploads\/2026\/04\/684938220_1655045956009637_8598212836884474911_n.jpg","type":"image\/jpeg"}],"author":"Shkurt Shqip","twitter_card":"summary_large_image","twitter_misc":{"Written by":"Shkurt Shqip","Est. reading time":"1 minute"},"schema":{"@context":"https:\/\/schema.org","@graph":[{"@type":"Article","@id":"https:\/\/shkurteshqip.online\/?p=21959#article","isPartOf":{"@id":"https:\/\/shkurteshqip.online\/?p=21959"},"author":{"name":"Shkurt Shqip","@id":"https:\/\/shkurteshqip.online\/#\/schema\/person\/5650ace9c4df761243f9c165b46ee82f"},"headline":"Muriqi nominohet p\u00ebr t\u00eb hyr\u00eb n\u00eb formacionin e sezonit n\u00eb La Liga","datePublished":"2026-04-28T18:35:37+00:00","dateModified":"2026-04-28T18:35:38+00:00","mainEntityOfPage":{"@id":"https:\/\/shkurteshqip.online\/?p=21959"},"wordCount":112,"commentCount":0,"publisher":{"@id":"https:\/\/shkurteshqip.online\/#organization"},"image":{"@id":"https:\/\/shkurteshqip.online\/?p=21959#primaryimage"},"thumbnailUrl":"https:\/\/shkurteshqip.online\/wp-content\/uploads\/2026\/04\/684938220_1655045956009637_8598212836884474911_n.jpg","articleSection":["Sport"],"inLanguage":"en-US","potentialAction":[{"@type":"CommentAction","name":"Comment","target":["https:\/\/shkurteshqip.online\/?p=21959#respond"]}]},{"@type":"WebPage","@id":"https:\/\/shkurteshqip.online\/?p=21959","url":"https:\/\/shkurteshqip.online\/?p=21959","name":"Muriqi nominohet p\u00ebr t\u00eb hyr\u00eb n\u00eb formacionin e sezonit n\u00eb La Liga - shkurteshqip","isPartOf":{"@id":"https:\/\/shkurteshqip.online\/#website"},"primaryImageOfPage":{"@id":"https:\/\/shkurteshqip.online\/?p=21959#primaryimage"},"image":{"@id":"https:\/\/shkurteshqip.online\/?p=21959#primaryimage"},"thumbnailUrl":"https:\/\/shkurteshqip.online\/wp-content\/uploads\/2026\/04\/684938220_1655045956009637_8598212836884474911_n.jpg","datePublished":"2026-04-28T18:35:37+00:00","dateModified":"2026-04-28T18:35:38+00:00","breadcrumb":{"@id":"https:\/\/shkurteshqip.online\/?p=21959#breadcrumb"},"inLanguage":"en-US","potentialAction":[{"@type":"ReadAction","target":["https:\/\/shkurteshqip.online\/?p=21959"]}]},{"@type":"ImageObject","inLanguage":"en-US","@id":"https:\/\/shkurteshqip.online\/?p=21959#primaryimage","url":"https:\/\/shkurteshqip.online\/wp-content\/uploads\/2026\/04\/684938220_1655045956009637_8598212836884474911_n.jpg","contentUrl":"https:\/\/shkurteshqip.online\/wp-content\/uploads\/2026\/04\/684938220_1655045956009637_8598212836884474911_n.jpg","width":704,"height":466},{"@type":"BreadcrumbList","@id":"https:\/\/shkurteshqip.online\/?p=21959#breadcrumb","itemListElement":[{"@type":"ListItem","position":1,"name":"Home","item":"https:\/\/shkurteshqip.online\/"},{"@type":"ListItem","position":2,"name":"Muriqi nominohet p\u00ebr t\u00eb hyr\u00eb n\u00eb formacionin e sezonit n\u00eb La Liga"}]},{"@type":"WebSite","@id":"https:\/\/shkurteshqip.online\/#website","url":"https:\/\/shkurteshqip.online\/","name":"shkurteshqip","description":"","publisher":{"@id":"https:\/\/shkurteshqip.online\/#organization"},"potentialAction":[{"@type":"SearchAction","target":{"@type":"EntryPoint","urlTemplate":"https:\/\/shkurteshqip.online\/?s={search_term_string}"},"query-input":{"@type":"PropertyValueSpecification","valueRequired":true,"valueName":"search_term_string"}}],"inLanguage":"en-US"},{"@type":"Organization","@id":"https:\/\/shkurteshqip.online\/#organization","name":"shkurteshqip","url":"https:\/\/shkurteshqip.online\/","logo":{"@type":"ImageObject","inLanguage":"en-US","@id":"https:\/\/shkurteshqip.online\/#\/schema\/logo\/image\/","url":"https:\/\/shkurteshqip.online\/wp-content\/uploads\/2023\/12\/LOGO1.png","contentUrl":"https:\/\/shkurteshqip.online\/wp-content\/uploads\/2023\/12\/LOGO1.png","width":463,"height":116,"caption":"shkurteshqip"},"image":{"@id":"https:\/\/shkurteshqip.online\/#\/schema\/logo\/image\/"}},{"@type":"Person","@id":"https:\/\/shkurteshqip.online\/#\/schema\/person\/5650ace9c4df761243f9c165b46ee82f","name":"Shkurt Shqip","image":{"@type":"ImageObject","inLanguage":"en-US","@id":"https:\/\/secure.gravatar.com\/avatar\/7ae142e6189ef43ea78210d632234a50148de0f1831c0ba314c8ba1ac653e708?s=96&d=mm&r=g","url":"https:\/\/secure.gravatar.com\/avatar\/7ae142e6189ef43ea78210d632234a50148de0f1831c0ba314c8ba1ac653e708?s=96&d=mm&r=g","contentUrl":"https:\/\/secure.gravatar.com\/avatar\/7ae142e6189ef43ea78210d632234a50148de0f1831c0ba314c8ba1ac653e708?s=96&d=mm&r=g","caption":"Shkurt Shqip"},"url":"https:\/\/shkurteshqip.online\/?author=2"}]}},"_links":{"self":[{"href":"https:\/\/shkurteshqip.online\/index.php?rest_route=\/wp\/v2\/posts\/21959","targetHints":{"allow":["GET"]}}],"collection":[{"href":"https:\/\/shkurteshqip.online\/index.php?rest_route=\/wp\/v2\/posts"}],"about":[{"href":"https:\/\/shkurteshqip.online\/index.php?rest_route=\/wp\/v2\/types\/post"}],"author":[{"embeddable":true,"href":"https:\/\/shkurteshqip.online\/index.php?rest_route=\/wp\/v2\/users\/2"}],"replies":[{"embeddable":true,"href":"https:\/\/shkurteshqip.online\/index.php?rest_route=%2Fwp%2Fv2%2Fcomments&post=21959"}],"version-history":[{"count":1,"href":"https:\/\/shkurteshqip.online\/index.php?rest_route=\/wp\/v2\/posts\/21959\/revisions"}],"predecessor-version":[{"id":21962,"href":"https:\/\/shkurteshqip.online\/index.php?rest_route=\/wp\/v2\/posts\/21959\/revisions\/21962"}],"wp:featuredmedia":[{"embeddable":true,"href":"https:\/\/shkurteshqip.online\/index.php?rest_route=\/wp\/v2\/media\/21961"}],"wp:attachment":[{"href":"https:\/\/shkurteshqip.online\/index.php?rest_route=%2Fwp%2Fv2%2Fmedia&parent=21959"}],"wp:term":[{"taxonomy":"category","embeddable":true,"href":"https:\/\/shkurteshqip.online\/index.php?rest_route=%2Fwp%2Fv2%2Fcategories&post=21959"},{"taxonomy":"post_tag","embeddable":true,"href":"https:\/\/shkurteshqip.online\/index.php?rest_route=%2Fwp%2Fv2%2Ftags&post=21959"}],"curies":[{"name":"wp","href":"https:\/\/api.w.org\/{rel}","templated":true}]}}