{"id":21898,"date":"2026-04-22T09:10:48","date_gmt":"2026-04-22T09:10:48","guid":{"rendered":"https:\/\/shkurteshqip.online\/?p=21898"},"modified":"2026-04-22T09:10:49","modified_gmt":"2026-04-22T09:10:49","slug":"vrau-vellane-8-vjet-me-pare-ne-lipjan-prokuroria-e-konfirmon-vdekjen-e-emrush-gashit-ne-burgun-e-frances","status":"publish","type":"post","link":"https:\/\/shkurteshqip.online\/?p=21898","title":{"rendered":"Vrau v\u00ebllan\u00eb 8 vjet m\u00eb par\u00eb n\u00eb Lipjan, Prokuroria e konfirmon vdekjen e Emrush Gashit n\u00eb burgun e Franc\u00ebs"},"content":{"rendered":"\n<p>Emrush Gashi, 66-vje\u00e7ar, i d\u00ebnuar p\u00ebr vrasjen e v\u00ebllait t\u00eb tij m\u00eb 14 korrik 2018 n\u00eb T\u00ebrbovc t\u00eb Lipjanit, \u00ebsht\u00eb gjetur i vdekur para disa dit\u00ebsh n\u00eb nj\u00eb burg n\u00eb Franc\u00eb. Sipas raportimeve, ai ka kryer vet\u00ebvrasje.<\/p>\n\n\n\n<p>Lidhur me k\u00ebt\u00eb rast, Klankosova ka k\u00ebrkuar informacion nga Prokuroria Themelore e Prishtin\u00ebs, e cila ka konfirmuar se ka pranuar informata p\u00ebr vdekjen e tij p\u00ebrmes kanaleve nd\u00ebrkomb\u00ebtare.<\/p>\n\n\n\n<p>Po ashtu, n\u00eb p\u00ebrgjigjen e k\u00ebsaj prokurorie b\u00ebhet e ditur se ndaj tij ishte ngritur aktakuz\u00eb gjat\u00eb marsit t\u00eb vitit t\u00eb kaluar.<\/p>\n\n\n\n<p>\u201cJu njoftojm\u00eb se m\u00eb 27.03.2025, Prokuroria Themelore e Prishtin\u00ebs ka ngritur aktakuz\u00eb p\u00ebr vepr\u00ebn penale \u2018vrasje e r\u00ebnd\u00eb\u2019 dhe vepr\u00ebn penale \u2018mbajtja n\u00eb pron\u00ebsi, kontroll ose posedim i paautorizuar i arm\u00ebve\u2019,\u201d thuhet n\u00eb p\u00ebrgjigjen e Prokuroris\u00eb<\/p>\n\n\n\n<p>\u201cGjithashtu, kemi pranuar informata lidhur me vdekjen e tij p\u00ebrmes kanaleve nd\u00ebrkomb\u00ebtare dhe kemi pranuar edhe v\u00ebrtetimin e vdekjes s\u00eb tij. Aktualisht, ende jemi n\u00eb pritje t\u00eb aktvendimit nga Gjykata\u201d.<\/p>\n\n\n\n<p>Policia e Kosov\u00ebs gjat\u00eb vitit 2018 kishte k\u00ebrkuar ndihm\u00eb p\u00ebr gjetjen e Emrush Gashit, n\u00ebn dyshimin se kishte vrar\u00eb v\u00ebllan\u00eb e tij, M.G., 54 vje\u00e7.<\/p>\n\n\n\n<p>Ai ishte arrestuar pak vjet m\u00eb pas, m\u00eb 26 gusht 2021 n\u00eb Franc\u00eb pasi ishte shpallur n\u00eb k\u00ebrkim nd\u00ebrkomb\u00ebtar.<\/p>\n","protected":false},"excerpt":{"rendered":"<p>Emrush Gashi, 66-vje\u00e7ar, i d\u00ebnuar p\u00ebr vrasjen e v\u00ebllait t\u00eb tij m\u00eb 14 korrik 2018 n\u00eb T\u00ebrbovc t\u00eb Lipjanit, \u00ebsht\u00eb gjetur i vdekur para disa dit\u00ebsh n\u00eb nj\u00eb burg n\u00eb Franc\u00eb. Sipas raportimeve, ai ka kryer vet\u00ebvrasje. Lidhur me k\u00ebt\u00eb rast, Klankosova ka k\u00ebrkuar informacion nga Prokuroria Themelore e Prishtin\u00ebs, e cila ka konfirmuar se [&hellip;]<\/p>\n","protected":false},"author":2,"featured_media":21899,"comment_status":"open","ping_status":"open","sticky":false,"template":"","format":"standard","meta":{"footnotes":""},"categories":[41],"tags":[],"class_list":{"0":"post-21898","1":"post","2":"type-post","3":"status-publish","4":"format-standard","5":"has-post-thumbnail","7":"category-lajme"},"yoast_head":"<!-- This site is optimized with the Yoast SEO plugin v27.4 - https:\/\/yoast.com\/product\/yoast-seo-wordpress\/ -->\n<title>Vrau v\u00ebllan\u00eb 8 vjet m\u00eb par\u00eb n\u00eb Lipjan, Prokuroria e konfirmon vdekjen e Emrush Gashit n\u00eb burgun e Franc\u00ebs - shkurteshqip<\/title>\n<meta name=\"robots\" content=\"index, follow, max-snippet:-1, max-image-preview:large, max-video-preview:-1\" \/>\n<link rel=\"canonical\" href=\"https:\/\/shkurteshqip.online\/?p=21898\" \/>\n<meta property=\"og:locale\" content=\"en_US\" \/>\n<meta property=\"og:type\" content=\"article\" \/>\n<meta property=\"og:title\" content=\"Vrau v\u00ebllan\u00eb 8 vjet m\u00eb par\u00eb n\u00eb Lipjan, Prokuroria e konfirmon vdekjen e Emrush Gashit n\u00eb burgun e Franc\u00ebs - shkurteshqip\" \/>\n<meta property=\"og:description\" content=\"Emrush Gashi, 66-vje\u00e7ar, i d\u00ebnuar p\u00ebr vrasjen e v\u00ebllait t\u00eb tij m\u00eb 14 korrik 2018 n\u00eb T\u00ebrbovc t\u00eb Lipjanit, \u00ebsht\u00eb gjetur i vdekur para disa dit\u00ebsh n\u00eb nj\u00eb burg n\u00eb Franc\u00eb. Sipas raportimeve, ai ka kryer vet\u00ebvrasje. Lidhur me k\u00ebt\u00eb rast, Klankosova ka k\u00ebrkuar informacion nga Prokuroria Themelore e Prishtin\u00ebs, e cila ka konfirmuar se [&hellip;]\" \/>\n<meta property=\"og:url\" content=\"https:\/\/shkurteshqip.online\/?p=21898\" \/>\n<meta property=\"og:site_name\" content=\"shkurteshqip\" \/>\n<meta property=\"article:published_time\" content=\"2026-04-22T09:10:48+00:00\" \/>\n<meta property=\"article:modified_time\" content=\"2026-04-22T09:10:49+00:00\" \/>\n<meta property=\"og:image\" content=\"http:\/\/shkurteshqip.online\/wp-content\/uploads\/2026\/04\/em-600x360-1.png\" \/>\n\t<meta property=\"og:image:width\" content=\"600\" \/>\n\t<meta property=\"og:image:height\" content=\"360\" \/>\n\t<meta property=\"og:image:type\" content=\"image\/png\" \/>\n<meta name=\"author\" content=\"Shkurt Shqip\" \/>\n<meta name=\"twitter:card\" content=\"summary_large_image\" \/>\n<meta name=\"twitter:label1\" content=\"Written by\" \/>\n\t<meta name=\"twitter:data1\" content=\"Shkurt Shqip\" \/>\n\t<meta name=\"twitter:label2\" content=\"Est. reading time\" \/>\n\t<meta name=\"twitter:data2\" content=\"2 minutes\" \/>\n<script type=\"application\/ld+json\" class=\"yoast-schema-graph\">{\"@context\":\"https:\\\/\\\/schema.org\",\"@graph\":[{\"@type\":\"Article\",\"@id\":\"https:\\\/\\\/shkurteshqip.online\\\/?p=21898#article\",\"isPartOf\":{\"@id\":\"https:\\\/\\\/shkurteshqip.online\\\/?p=21898\"},\"author\":{\"name\":\"Shkurt Shqip\",\"@id\":\"https:\\\/\\\/shkurteshqip.online\\\/#\\\/schema\\\/person\\\/5650ace9c4df761243f9c165b46ee82f\"},\"headline\":\"Vrau v\u00ebllan\u00eb 8 vjet m\u00eb par\u00eb n\u00eb Lipjan, Prokuroria e konfirmon vdekjen e Emrush Gashit n\u00eb burgun e Franc\u00ebs\",\"datePublished\":\"2026-04-22T09:10:48+00:00\",\"dateModified\":\"2026-04-22T09:10:49+00:00\",\"mainEntityOfPage\":{\"@id\":\"https:\\\/\\\/shkurteshqip.online\\\/?p=21898\"},\"wordCount\":248,\"commentCount\":0,\"publisher\":{\"@id\":\"https:\\\/\\\/shkurteshqip.online\\\/#organization\"},\"image\":{\"@id\":\"https:\\\/\\\/shkurteshqip.online\\\/?p=21898#primaryimage\"},\"thumbnailUrl\":\"https:\\\/\\\/shkurteshqip.online\\\/wp-content\\\/uploads\\\/2026\\\/04\\\/em-600x360-1.png\",\"articleSection\":[\"Lajme\"],\"inLanguage\":\"en-US\",\"potentialAction\":[{\"@type\":\"CommentAction\",\"name\":\"Comment\",\"target\":[\"https:\\\/\\\/shkurteshqip.online\\\/?p=21898#respond\"]}]},{\"@type\":\"WebPage\",\"@id\":\"https:\\\/\\\/shkurteshqip.online\\\/?p=21898\",\"url\":\"https:\\\/\\\/shkurteshqip.online\\\/?p=21898\",\"name\":\"Vrau v\u00ebllan\u00eb 8 vjet m\u00eb par\u00eb n\u00eb Lipjan, Prokuroria e konfirmon vdekjen e Emrush Gashit n\u00eb burgun e Franc\u00ebs - shkurteshqip\",\"isPartOf\":{\"@id\":\"https:\\\/\\\/shkurteshqip.online\\\/#website\"},\"primaryImageOfPage\":{\"@id\":\"https:\\\/\\\/shkurteshqip.online\\\/?p=21898#primaryimage\"},\"image\":{\"@id\":\"https:\\\/\\\/shkurteshqip.online\\\/?p=21898#primaryimage\"},\"thumbnailUrl\":\"https:\\\/\\\/shkurteshqip.online\\\/wp-content\\\/uploads\\\/2026\\\/04\\\/em-600x360-1.png\",\"datePublished\":\"2026-04-22T09:10:48+00:00\",\"dateModified\":\"2026-04-22T09:10:49+00:00\",\"breadcrumb\":{\"@id\":\"https:\\\/\\\/shkurteshqip.online\\\/?p=21898#breadcrumb\"},\"inLanguage\":\"en-US\",\"potentialAction\":[{\"@type\":\"ReadAction\",\"target\":[\"https:\\\/\\\/shkurteshqip.online\\\/?p=21898\"]}]},{\"@type\":\"ImageObject\",\"inLanguage\":\"en-US\",\"@id\":\"https:\\\/\\\/shkurteshqip.online\\\/?p=21898#primaryimage\",\"url\":\"https:\\\/\\\/shkurteshqip.online\\\/wp-content\\\/uploads\\\/2026\\\/04\\\/em-600x360-1.png\",\"contentUrl\":\"https:\\\/\\\/shkurteshqip.online\\\/wp-content\\\/uploads\\\/2026\\\/04\\\/em-600x360-1.png\",\"width\":600,\"height\":360},{\"@type\":\"BreadcrumbList\",\"@id\":\"https:\\\/\\\/shkurteshqip.online\\\/?p=21898#breadcrumb\",\"itemListElement\":[{\"@type\":\"ListItem\",\"position\":1,\"name\":\"Home\",\"item\":\"https:\\\/\\\/shkurteshqip.online\\\/\"},{\"@type\":\"ListItem\",\"position\":2,\"name\":\"Vrau v\u00ebllan\u00eb 8 vjet m\u00eb par\u00eb n\u00eb Lipjan, Prokuroria e konfirmon vdekjen e Emrush Gashit n\u00eb burgun e Franc\u00ebs\"}]},{\"@type\":\"WebSite\",\"@id\":\"https:\\\/\\\/shkurteshqip.online\\\/#website\",\"url\":\"https:\\\/\\\/shkurteshqip.online\\\/\",\"name\":\"shkurteshqip\",\"description\":\"\",\"publisher\":{\"@id\":\"https:\\\/\\\/shkurteshqip.online\\\/#organization\"},\"potentialAction\":[{\"@type\":\"SearchAction\",\"target\":{\"@type\":\"EntryPoint\",\"urlTemplate\":\"https:\\\/\\\/shkurteshqip.online\\\/?s={search_term_string}\"},\"query-input\":{\"@type\":\"PropertyValueSpecification\",\"valueRequired\":true,\"valueName\":\"search_term_string\"}}],\"inLanguage\":\"en-US\"},{\"@type\":\"Organization\",\"@id\":\"https:\\\/\\\/shkurteshqip.online\\\/#organization\",\"name\":\"shkurteshqip\",\"url\":\"https:\\\/\\\/shkurteshqip.online\\\/\",\"logo\":{\"@type\":\"ImageObject\",\"inLanguage\":\"en-US\",\"@id\":\"https:\\\/\\\/shkurteshqip.online\\\/#\\\/schema\\\/logo\\\/image\\\/\",\"url\":\"https:\\\/\\\/shkurteshqip.online\\\/wp-content\\\/uploads\\\/2023\\\/12\\\/LOGO1.png\",\"contentUrl\":\"https:\\\/\\\/shkurteshqip.online\\\/wp-content\\\/uploads\\\/2023\\\/12\\\/LOGO1.png\",\"width\":463,\"height\":116,\"caption\":\"shkurteshqip\"},\"image\":{\"@id\":\"https:\\\/\\\/shkurteshqip.online\\\/#\\\/schema\\\/logo\\\/image\\\/\"}},{\"@type\":\"Person\",\"@id\":\"https:\\\/\\\/shkurteshqip.online\\\/#\\\/schema\\\/person\\\/5650ace9c4df761243f9c165b46ee82f\",\"name\":\"Shkurt Shqip\",\"image\":{\"@type\":\"ImageObject\",\"inLanguage\":\"en-US\",\"@id\":\"https:\\\/\\\/secure.gravatar.com\\\/avatar\\\/7ae142e6189ef43ea78210d632234a50148de0f1831c0ba314c8ba1ac653e708?s=96&d=mm&r=g\",\"url\":\"https:\\\/\\\/secure.gravatar.com\\\/avatar\\\/7ae142e6189ef43ea78210d632234a50148de0f1831c0ba314c8ba1ac653e708?s=96&d=mm&r=g\",\"contentUrl\":\"https:\\\/\\\/secure.gravatar.com\\\/avatar\\\/7ae142e6189ef43ea78210d632234a50148de0f1831c0ba314c8ba1ac653e708?s=96&d=mm&r=g\",\"caption\":\"Shkurt Shqip\"},\"url\":\"https:\\\/\\\/shkurteshqip.online\\\/?author=2\"}]}<\/script>\n<!-- \/ Yoast SEO plugin. -->","yoast_head_json":{"title":"Vrau v\u00ebllan\u00eb 8 vjet m\u00eb par\u00eb n\u00eb Lipjan, Prokuroria e konfirmon vdekjen e Emrush Gashit n\u00eb burgun e Franc\u00ebs - shkurteshqip","robots":{"index":"index","follow":"follow","max-snippet":"max-snippet:-1","max-image-preview":"max-image-preview:large","max-video-preview":"max-video-preview:-1"},"canonical":"https:\/\/shkurteshqip.online\/?p=21898","og_locale":"en_US","og_type":"article","og_title":"Vrau v\u00ebllan\u00eb 8 vjet m\u00eb par\u00eb n\u00eb Lipjan, Prokuroria e konfirmon vdekjen e Emrush Gashit n\u00eb burgun e Franc\u00ebs - shkurteshqip","og_description":"Emrush Gashi, 66-vje\u00e7ar, i d\u00ebnuar p\u00ebr vrasjen e v\u00ebllait t\u00eb tij m\u00eb 14 korrik 2018 n\u00eb T\u00ebrbovc t\u00eb Lipjanit, \u00ebsht\u00eb gjetur i vdekur para disa dit\u00ebsh n\u00eb nj\u00eb burg n\u00eb Franc\u00eb. Sipas raportimeve, ai ka kryer vet\u00ebvrasje. Lidhur me k\u00ebt\u00eb rast, Klankosova ka k\u00ebrkuar informacion nga Prokuroria Themelore e Prishtin\u00ebs, e cila ka konfirmuar se [&hellip;]","og_url":"https:\/\/shkurteshqip.online\/?p=21898","og_site_name":"shkurteshqip","article_published_time":"2026-04-22T09:10:48+00:00","article_modified_time":"2026-04-22T09:10:49+00:00","og_image":[{"width":600,"height":360,"url":"http:\/\/shkurteshqip.online\/wp-content\/uploads\/2026\/04\/em-600x360-1.png","type":"image\/png"}],"author":"Shkurt Shqip","twitter_card":"summary_large_image","twitter_misc":{"Written by":"Shkurt Shqip","Est. reading time":"2 minutes"},"schema":{"@context":"https:\/\/schema.org","@graph":[{"@type":"Article","@id":"https:\/\/shkurteshqip.online\/?p=21898#article","isPartOf":{"@id":"https:\/\/shkurteshqip.online\/?p=21898"},"author":{"name":"Shkurt Shqip","@id":"https:\/\/shkurteshqip.online\/#\/schema\/person\/5650ace9c4df761243f9c165b46ee82f"},"headline":"Vrau v\u00ebllan\u00eb 8 vjet m\u00eb par\u00eb n\u00eb Lipjan, Prokuroria e konfirmon vdekjen e Emrush Gashit n\u00eb burgun e Franc\u00ebs","datePublished":"2026-04-22T09:10:48+00:00","dateModified":"2026-04-22T09:10:49+00:00","mainEntityOfPage":{"@id":"https:\/\/shkurteshqip.online\/?p=21898"},"wordCount":248,"commentCount":0,"publisher":{"@id":"https:\/\/shkurteshqip.online\/#organization"},"image":{"@id":"https:\/\/shkurteshqip.online\/?p=21898#primaryimage"},"thumbnailUrl":"https:\/\/shkurteshqip.online\/wp-content\/uploads\/2026\/04\/em-600x360-1.png","articleSection":["Lajme"],"inLanguage":"en-US","potentialAction":[{"@type":"CommentAction","name":"Comment","target":["https:\/\/shkurteshqip.online\/?p=21898#respond"]}]},{"@type":"WebPage","@id":"https:\/\/shkurteshqip.online\/?p=21898","url":"https:\/\/shkurteshqip.online\/?p=21898","name":"Vrau v\u00ebllan\u00eb 8 vjet m\u00eb par\u00eb n\u00eb Lipjan, Prokuroria e konfirmon vdekjen e Emrush Gashit n\u00eb burgun e Franc\u00ebs - shkurteshqip","isPartOf":{"@id":"https:\/\/shkurteshqip.online\/#website"},"primaryImageOfPage":{"@id":"https:\/\/shkurteshqip.online\/?p=21898#primaryimage"},"image":{"@id":"https:\/\/shkurteshqip.online\/?p=21898#primaryimage"},"thumbnailUrl":"https:\/\/shkurteshqip.online\/wp-content\/uploads\/2026\/04\/em-600x360-1.png","datePublished":"2026-04-22T09:10:48+00:00","dateModified":"2026-04-22T09:10:49+00:00","breadcrumb":{"@id":"https:\/\/shkurteshqip.online\/?p=21898#breadcrumb"},"inLanguage":"en-US","potentialAction":[{"@type":"ReadAction","target":["https:\/\/shkurteshqip.online\/?p=21898"]}]},{"@type":"ImageObject","inLanguage":"en-US","@id":"https:\/\/shkurteshqip.online\/?p=21898#primaryimage","url":"https:\/\/shkurteshqip.online\/wp-content\/uploads\/2026\/04\/em-600x360-1.png","contentUrl":"https:\/\/shkurteshqip.online\/wp-content\/uploads\/2026\/04\/em-600x360-1.png","width":600,"height":360},{"@type":"BreadcrumbList","@id":"https:\/\/shkurteshqip.online\/?p=21898#breadcrumb","itemListElement":[{"@type":"ListItem","position":1,"name":"Home","item":"https:\/\/shkurteshqip.online\/"},{"@type":"ListItem","position":2,"name":"Vrau v\u00ebllan\u00eb 8 vjet m\u00eb par\u00eb n\u00eb Lipjan, Prokuroria e konfirmon vdekjen e Emrush Gashit n\u00eb burgun e Franc\u00ebs"}]},{"@type":"WebSite","@id":"https:\/\/shkurteshqip.online\/#website","url":"https:\/\/shkurteshqip.online\/","name":"shkurteshqip","description":"","publisher":{"@id":"https:\/\/shkurteshqip.online\/#organization"},"potentialAction":[{"@type":"SearchAction","target":{"@type":"EntryPoint","urlTemplate":"https:\/\/shkurteshqip.online\/?s={search_term_string}"},"query-input":{"@type":"PropertyValueSpecification","valueRequired":true,"valueName":"search_term_string"}}],"inLanguage":"en-US"},{"@type":"Organization","@id":"https:\/\/shkurteshqip.online\/#organization","name":"shkurteshqip","url":"https:\/\/shkurteshqip.online\/","logo":{"@type":"ImageObject","inLanguage":"en-US","@id":"https:\/\/shkurteshqip.online\/#\/schema\/logo\/image\/","url":"https:\/\/shkurteshqip.online\/wp-content\/uploads\/2023\/12\/LOGO1.png","contentUrl":"https:\/\/shkurteshqip.online\/wp-content\/uploads\/2023\/12\/LOGO1.png","width":463,"height":116,"caption":"shkurteshqip"},"image":{"@id":"https:\/\/shkurteshqip.online\/#\/schema\/logo\/image\/"}},{"@type":"Person","@id":"https:\/\/shkurteshqip.online\/#\/schema\/person\/5650ace9c4df761243f9c165b46ee82f","name":"Shkurt Shqip","image":{"@type":"ImageObject","inLanguage":"en-US","@id":"https:\/\/secure.gravatar.com\/avatar\/7ae142e6189ef43ea78210d632234a50148de0f1831c0ba314c8ba1ac653e708?s=96&d=mm&r=g","url":"https:\/\/secure.gravatar.com\/avatar\/7ae142e6189ef43ea78210d632234a50148de0f1831c0ba314c8ba1ac653e708?s=96&d=mm&r=g","contentUrl":"https:\/\/secure.gravatar.com\/avatar\/7ae142e6189ef43ea78210d632234a50148de0f1831c0ba314c8ba1ac653e708?s=96&d=mm&r=g","caption":"Shkurt Shqip"},"url":"https:\/\/shkurteshqip.online\/?author=2"}]}},"_links":{"self":[{"href":"https:\/\/shkurteshqip.online\/index.php?rest_route=\/wp\/v2\/posts\/21898","targetHints":{"allow":["GET"]}}],"collection":[{"href":"https:\/\/shkurteshqip.online\/index.php?rest_route=\/wp\/v2\/posts"}],"about":[{"href":"https:\/\/shkurteshqip.online\/index.php?rest_route=\/wp\/v2\/types\/post"}],"author":[{"embeddable":true,"href":"https:\/\/shkurteshqip.online\/index.php?rest_route=\/wp\/v2\/users\/2"}],"replies":[{"embeddable":true,"href":"https:\/\/shkurteshqip.online\/index.php?rest_route=%2Fwp%2Fv2%2Fcomments&post=21898"}],"version-history":[{"count":1,"href":"https:\/\/shkurteshqip.online\/index.php?rest_route=\/wp\/v2\/posts\/21898\/revisions"}],"predecessor-version":[{"id":21900,"href":"https:\/\/shkurteshqip.online\/index.php?rest_route=\/wp\/v2\/posts\/21898\/revisions\/21900"}],"wp:featuredmedia":[{"embeddable":true,"href":"https:\/\/shkurteshqip.online\/index.php?rest_route=\/wp\/v2\/media\/21899"}],"wp:attachment":[{"href":"https:\/\/shkurteshqip.online\/index.php?rest_route=%2Fwp%2Fv2%2Fmedia&parent=21898"}],"wp:term":[{"taxonomy":"category","embeddable":true,"href":"https:\/\/shkurteshqip.online\/index.php?rest_route=%2Fwp%2Fv2%2Fcategories&post=21898"},{"taxonomy":"post_tag","embeddable":true,"href":"https:\/\/shkurteshqip.online\/index.php?rest_route=%2Fwp%2Fv2%2Ftags&post=21898"}],"curies":[{"name":"wp","href":"https:\/\/api.w.org\/{rel}","templated":true}]}}